{"id":3508,"date":"2017-04-03T16:17:06","date_gmt":"2017-04-03T14:17:06","guid":{"rendered":"https:\/\/www.vichycatalan.com\/lampolla-de-vichy-catalan-1881-inspirada-en-la-musa-de-laigua-obte-un-best-awards-de-plata-en-la-modalitat-de-best-branding-packaging\/"},"modified":"2018-10-18T16:16:03","modified_gmt":"2018-10-18T14:16:03","slug":"lampolla-de-vichy-catalan-1881-inspirada-en-la-musa-de-laigua-obte-un-best-awards-de-plata-en-la-modalitat-de-best-branding-packaging","status":"publish","type":"post","link":"https:\/\/www.vichycatalan.com\/ca\/lampolla-de-vichy-catalan-1881-inspirada-en-la-musa-de-laigua-obte-un-best-awards-de-plata-en-la-modalitat-de-best-branding-packaging\/","title":{"rendered":"L&#8217;ampolla de Vichy Catalan 1881 inspirada en la Musa de l&#8217;Aigua, obt\u00e9 un Best Awards de plata en la modalitat de Best Branding Packaging"},"content":{"rendered":"<div class=\"cuerpo\">\n<p>L&#8217;ampolla de <strong>Vichy Catalan 188<\/strong>1 inspirada en la Musa de l&#8217;Aigua ha obtingut un premi de plata als Best Awards 2017 en la categoria de begudes no alcoh\u00f2liques, modalitat de Best Branding Packaging. Aquesta ampolla \u00e9s una edici\u00f3 limitada que es va llan\u00e7ar al mercat a finals de 2016 per commemorar els 135 anys d&#8217;hist\u00f2ria de Vichy Catalan. El disseny de l&#8217;env\u00e0s premiat correspon a l&#8217;ag\u00e8ncia TBWA, delegaci\u00f3 de Barcelona.<\/p>\n<p>Els premis Best Awards (antics Best Pack) estan convocats per Edicions i Estudis, l&#8217;empresa editora de les revistes IPMARK, D \/ A Retail i Restauraci\u00f3 News i el sal\u00f3 Aliment\u00e0ria, la principal fira europea d&#8217;alimentaci\u00f3 i una de les m\u00e9s importants del m\u00f3n . S\u00f3n els \u00fanics premis que s&#8217;atorguen a Espanya dedicats al m\u00e0rqueting alimentari que acullen totes i cadascuna de les modalitats de comunicaci\u00f3 comercial de la ind\u00fastria de l&#8217;Alimentaci\u00f3 i les Begudes.<\/p>\n<\/p><\/div>\n","protected":false},"excerpt":{"rendered":"<p>L&#8217;ampolla de Vichy Catalan 1881 inspirada en la Musa de l&#8217;Aigua ha obtingut un premi de plata als Best Awards 2017 en la categoria de begudes no alcoh\u00f2liques, modalitat de Best Branding Packaging. Aquesta ampolla \u00e9s una edici\u00f3 limitada que es va llan\u00e7ar al mercat a finals de 2016 per commemorar els 135 anys d&#8217;hist\u00f2ria [&hellip;]<\/p>\n","protected":false},"author":1,"featured_media":3509,"comment_status":"closed","ping_status":"closed","sticky":false,"template":"","format":"standard","meta":{"_acf_changed":false,"_et_pb_use_builder":"on","_et_pb_old_content":"<div class=\"cuerpo\">\r\n\t\t\t\t\t\t\t\t\t<p style=\"font-size: 13px;\">La botella de\u00a0<strong><em>Vichy Catal\u00e1n 1881<\/em><\/strong>\u00a0inspirada en la Musa del Agua ha obtenido un premio de plata en los Best Awards 2017 en la categor\u00eda de bebidas no alcoh\u00f3licas, modalidad de Best Branding Packaging. Esta botella es una edici\u00f3n limitada que se lanz\u00f3 al mercado a finales de 2016 para conmemorar los 135 a\u00f1os de historia de Vichy Catal\u00e1n. El dise\u00f1o del envase premiado corresponde a la agencia TBWA, delegaci\u00f3n de Barcelona.<\/p>\r\n\r\n<p style=\"font-size: 13px;\">\u00a0<\/p>\r\n\r\n<p style=\"font-size: 13px;\">Los premios Best Awards (antiguos Best Pack) est\u00e1n convocados por Ediciones y Estudios, la empresa editora de las revistas IPMARK, D\/A Retail y Restauraci\u00f3n News y el sal\u00f3n Alimentaria, la principal feria europea de alimentaci\u00f3n y una de las m\u00e1s importantes del mundo. Son los \u00fanicos premios que se otorgan en Espa\u00f1a dedicados al marketing alimentario que acogen todas y cada una de las modalidades de comunicaci\u00f3n comercial de la industria de la Alimentaci\u00f3n y las Bebidas.<\/p>\r\n\r\n<p style=\"font-size: 13px;\">\u00a0<\/p>\r\n\r\n<p style=\"font-size: 13px;\">Los premios se entregaron anoche en el transcurso de una gala celebrada en el Hotel Eurostars Madrid Tower. El correspondiente a\u00a0<strong><em>Vichy Catal\u00e1n 1881<\/em><\/strong>\u00a0lo recogi\u00f3 Meritxell Romero, responsable Comunicaci\u00f3n &amp; PR de Vichy Catal\u00e1n Corporation y en representaci\u00f3n de TBWA asistieron Cl\u00e0udia Safont, Directora General y Roger Cano, Director Creativo de TBWA Barcelona. Esta ha sido la primera ocasi\u00f3n que los Best Awards se entregan en la capital de Espa\u00f1a. A partir de este a\u00f1o los premios se entregar\u00e1n de forma anual y con sede alternativa en Madrid y Barcelona. Hasta ahora se entregaban cada dos a\u00f1os, coincidiendo con la celebraci\u00f3n del sal\u00f3n Alimentaria en la capital catalana.<\/p>\r\n\r\n<p style=\"font-size: 13px;\">\u00a0<\/p>\r\n\r\n<p style=\"font-size: 13px;\">El envase premiado de\u00a0<strong><em>Vichy Catal\u00e1n 1881<\/em><\/strong>\u00a0inspirado en la Musa del Agua, de color verde 'retro', incorpora una nueva etiqueta que profundiza en las ra\u00edces modernistas de esta marca m\u00edtica de agua mineral natural carb\u00f3nica donde destaca, sobre el contorno de una vidriera colorista, la imagen seductora y delicada de la Musa. Esta figura femenina inspir\u00f3 en su tiempo numerosas obras de arte de los artistas del modernismo que se entusiasmaron con su leyenda, represent\u00e1ndola en vidrieras, mosaicos, pinturas, grabados y carteles.<\/p>\r\n\r\n<p style=\"font-size: 13px;\">\u00a0<\/p>\r\n\r\n<p style=\"font-size: 13px;\">La nueva botella del agua mineral natural carb\u00f3nica\u00a0<strong><em>Vichy Catalan 1881<\/em><\/strong>\u00a0se distribuye en dos \u00fanicos formatos de cristal reciclable y recuperable de 750 ml (<em>packs<\/em>\u00a0de 12 unidades) y 330 ml (<em>packs\u00a0<\/em>de 20 unidades), tanto\u00a0 en los canales horeca y alimentaci\u00f3n, como\u00a0 en la tienda online\u00a0<a href=\"http:\/\/www.latiendavichy.com\/\">http:\/\/www.latiendavichy.com\/<\/a><\/p>\r\n\r\n<p style=\"font-size: 13px;\">\u00a0<\/p>\r\n\r\n<p style=\"font-size: 13px;\"><strong>Tercer Best Awards consecutivo<\/strong><\/p>\r\n\r\n<p style=\"font-size: 13px;\">\u00a0<\/p>\r\n\r\n<p style=\"font-size: 13px;\">Este es el tercer Best Awards de plata que consigue Vichy Catal\u00e1n de forma consecutiva. Los dos primeros los obtuvo en la edici\u00f3n de 2016 con su nuevo envase de 1,2 litros inspirado en la obra de Antonio Gaud\u00ed. Fabricado con un material innovador y muy resistente, el nuevo envase consigui\u00f3 un Best Award de plata en la categor\u00eda de bebidas no alcoh\u00f3licas en la modalidad de Best Branding Packaging y otro \u2013tambi\u00e9n de plata\u2013 por el spot de televisi\u00f3n (Best Spot) del\u00a0 nuevo formato. La botella Gaud\u00ed de 1,2 litros de la genuina Vichy Catal\u00e1n tambi\u00e9n ha obtenido el premio Liderpack 2016 al mejor\u00a0<em>packaging<\/em>\u00a0de bebidas y el galard\u00f3n especial \u201cBest in Show\u201d(el mejor del concurso). El pr\u00f3ximo mes de mayo, en D\u00fcsseldorf,\u00a0 recibir\u00e1 un WorldStar Award 2017, que consagra la calidad y el dise\u00f1o del envase a nivel internacional.<\/p>\r\n\r\n<p style=\"font-size: 13px;\">\u00a0<\/p>\r\n\r\n<p style=\"font-size: 13px;\">Adem\u00e1s de innovar en nuevos formatos y productos, Vichy Catalan investiga desde hace muchos a\u00f1os c\u00f3mo mejorar la calidad de vida y la salud de las personas. Prueba de ello son los estudios avalados por el CSIC (Centro Superior de Investigaciones Cient\u00edficas) que demuestran que su consumo regular ayuda a reducir los niveles de colesterol LDL (colesterol malo) y diversos marcadores de riesgo cardiovascular, sin elevar la presi\u00f3n arterial.<\/p>\r\n\r\n<p style=\"font-size: 13px;\">\u00a0<\/p>\r\n\r\n<p style=\"font-size: 13px;\">El \u00faltimo estudio del CSIC\u00a0<strong><em>\u201cEfectos del consumo del agua mineral natural carb\u00f3nica Vichy Catal\u00e1n\u201d<\/em><\/strong>, presentado hace unos d\u00edas en el el Colegio de Farmac\u00e9uticos de Barcelona, ante un auditorio de profesionales de la farmacia y la salud, tambi\u00e9n avala que el consumo habitual de Vichy Catal\u00e1n ayuda a disminuir el riesgo de padecer enfermedades metab\u00f3licas cr\u00f3nicas como la diabetis, la hipertensi\u00f3n, la osteoporosis y la obesidad en adultos sanos.<\/p>\r\n\r\n<p style=\"font-size: 13px;\">\u00a0<\/p>\r\n\r\n<p style=\"font-size: 13px;\"><strong><em>Sobre el agua Vichy Catal\u00e1n<\/em><\/strong><\/p>\r\n\r\n<p style=\"font-size: 13px;\">\u00a0<\/p>\r\n\r\n<p style=\"font-size: 13px;\">Vichy Catal\u00e1n es un agua mineral natural carb\u00f3nica, rica en minerales esenciales para la vida. Brota de forma espont\u00e1nea a 60\u00b0C con su propio gas carb\u00f3nico del manantial de Caldes de Malavella (Girona). Sus especiales propiedades minero-medicinales y su inconfundible sabor la han convertido en una de las aguas minerales preferidas de los profesionales de la restauraci\u00f3n y de los consumidores, y en una de las marcas m\u00e1s prestigiosas del mercado europeo e internacional de las aguas minerales.<\/p>\r\n\t\t\t\t\t\t\t<\/div>","_et_gb_content_width":"","footnotes":""},"categories":[93],"tags":[],"class_list":["post-3508","post","type-post","status-publish","format-standard","has-post-thumbnail","hentry","category-noticies"],"acf":[],"yoast_head":"<!-- This site is optimized with the Yoast SEO plugin v27.5 - https:\/\/yoast.com\/product\/yoast-seo-wordpress\/ -->\n<title>L&#039;ampolla de Vichy Catalan 1881 inspirada en la Musa de l&#039;Aigua, obt\u00e9 un Best Awards de plata en la modalitat de Best Branding Packaging - Vichy Catalan Corporation<\/title>\n<meta name=\"robots\" content=\"index, follow, max-snippet:-1, max-image-preview:large, max-video-preview:-1\" \/>\n<link rel=\"canonical\" href=\"https:\/\/www.vichycatalan.com\/ca\/lampolla-de-vichy-catalan-1881-inspirada-en-la-musa-de-laigua-obte-un-best-awards-de-plata-en-la-modalitat-de-best-branding-packaging\/\" \/>\n<meta property=\"og:locale\" content=\"ca_ES\" \/>\n<meta property=\"og:type\" content=\"article\" \/>\n<meta property=\"og:title\" content=\"L&#039;ampolla de Vichy Catalan 1881 inspirada en la Musa de l&#039;Aigua, obt\u00e9 un Best Awards de plata en la modalitat de Best Branding Packaging - Vichy Catalan Corporation\" \/>\n<meta property=\"og:description\" content=\"L&#039;ampolla de Vichy Catalan 1881 inspirada en la Musa de l&#039;Aigua ha obtingut un premi de plata als Best Awards 2017 en la categoria de begudes no alcoh\u00f2liques, modalitat de Best Branding Packaging. Aquesta ampolla \u00e9s una edici\u00f3 limitada que es va llan\u00e7ar al mercat a finals de 2016 per commemorar els 135 anys d&#039;hist\u00f2ria [&hellip;]\" \/>\n<meta property=\"og:url\" content=\"https:\/\/www.vichycatalan.com\/ca\/lampolla-de-vichy-catalan-1881-inspirada-en-la-musa-de-laigua-obte-un-best-awards-de-plata-en-la-modalitat-de-best-branding-packaging\/\" \/>\n<meta property=\"og:site_name\" content=\"Vichy Catalan Corporation\" \/>\n<meta property=\"article:published_time\" content=\"2017-04-03T14:17:06+00:00\" \/>\n<meta property=\"article:modified_time\" content=\"2018-10-18T14:16:03+00:00\" \/>\n<meta property=\"og:image\" content=\"https:\/\/www.vichycatalan.com\/wp-content\/uploads\/2018\/10\/Best20Award202017-1.jpg\" \/>\n\t<meta property=\"og:image:width\" content=\"3264\" \/>\n\t<meta property=\"og:image:height\" content=\"1836\" \/>\n\t<meta property=\"og:image:type\" content=\"image\/jpeg\" \/>\n<meta name=\"author\" content=\"Comunica Web\" \/>\n<meta name=\"twitter:card\" content=\"summary_large_image\" \/>\n<meta name=\"twitter:label1\" content=\"Escrit per\" \/>\n\t<meta name=\"twitter:data1\" content=\"Comunica Web\" \/>\n\t<meta name=\"twitter:label2\" content=\"Temps estimat de lectura\" \/>\n\t<meta name=\"twitter:data2\" content=\"1 minut\" \/>\n<script type=\"application\/ld+json\" class=\"yoast-schema-graph\">{\"@context\":\"https:\\\/\\\/schema.org\",\"@graph\":[{\"@type\":\"Article\",\"@id\":\"https:\\\/\\\/www.vichycatalan.com\\\/ca\\\/lampolla-de-vichy-catalan-1881-inspirada-en-la-musa-de-laigua-obte-un-best-awards-de-plata-en-la-modalitat-de-best-branding-packaging\\\/#article\",\"isPartOf\":{\"@id\":\"https:\\\/\\\/www.vichycatalan.com\\\/ca\\\/lampolla-de-vichy-catalan-1881-inspirada-en-la-musa-de-laigua-obte-un-best-awards-de-plata-en-la-modalitat-de-best-branding-packaging\\\/\"},\"author\":{\"name\":\"Comunica Web\",\"@id\":\"https:\\\/\\\/www.vichycatalan.com\\\/ca\\\/#\\\/schema\\\/person\\\/9e9caa8bfa8dcd27fcfebdfcba33932a\"},\"headline\":\"L&#8217;ampolla de Vichy Catalan 1881 inspirada en la Musa de l&#8217;Aigua, obt\u00e9 un Best Awards de plata en la modalitat de Best Branding Packaging\",\"datePublished\":\"2017-04-03T14:17:06+00:00\",\"dateModified\":\"2018-10-18T14:16:03+00:00\",\"mainEntityOfPage\":{\"@id\":\"https:\\\/\\\/www.vichycatalan.com\\\/ca\\\/lampolla-de-vichy-catalan-1881-inspirada-en-la-musa-de-laigua-obte-un-best-awards-de-plata-en-la-modalitat-de-best-branding-packaging\\\/\"},\"wordCount\":184,\"image\":{\"@id\":\"https:\\\/\\\/www.vichycatalan.com\\\/ca\\\/lampolla-de-vichy-catalan-1881-inspirada-en-la-musa-de-laigua-obte-un-best-awards-de-plata-en-la-modalitat-de-best-branding-packaging\\\/#primaryimage\"},\"thumbnailUrl\":\"https:\\\/\\\/www.vichycatalan.com\\\/wp-content\\\/uploads\\\/2018\\\/10\\\/Best20Award202017-1.jpg\",\"articleSection\":[\"Noticies\"],\"inLanguage\":\"ca\"},{\"@type\":\"WebPage\",\"@id\":\"https:\\\/\\\/www.vichycatalan.com\\\/ca\\\/lampolla-de-vichy-catalan-1881-inspirada-en-la-musa-de-laigua-obte-un-best-awards-de-plata-en-la-modalitat-de-best-branding-packaging\\\/\",\"url\":\"https:\\\/\\\/www.vichycatalan.com\\\/ca\\\/lampolla-de-vichy-catalan-1881-inspirada-en-la-musa-de-laigua-obte-un-best-awards-de-plata-en-la-modalitat-de-best-branding-packaging\\\/\",\"name\":\"L'ampolla de Vichy Catalan 1881 inspirada en la Musa de l'Aigua, obt\u00e9 un Best Awards de plata en la modalitat de Best Branding Packaging - Vichy Catalan Corporation\",\"isPartOf\":{\"@id\":\"https:\\\/\\\/www.vichycatalan.com\\\/ca\\\/#website\"},\"primaryImageOfPage\":{\"@id\":\"https:\\\/\\\/www.vichycatalan.com\\\/ca\\\/lampolla-de-vichy-catalan-1881-inspirada-en-la-musa-de-laigua-obte-un-best-awards-de-plata-en-la-modalitat-de-best-branding-packaging\\\/#primaryimage\"},\"image\":{\"@id\":\"https:\\\/\\\/www.vichycatalan.com\\\/ca\\\/lampolla-de-vichy-catalan-1881-inspirada-en-la-musa-de-laigua-obte-un-best-awards-de-plata-en-la-modalitat-de-best-branding-packaging\\\/#primaryimage\"},\"thumbnailUrl\":\"https:\\\/\\\/www.vichycatalan.com\\\/wp-content\\\/uploads\\\/2018\\\/10\\\/Best20Award202017-1.jpg\",\"datePublished\":\"2017-04-03T14:17:06+00:00\",\"dateModified\":\"2018-10-18T14:16:03+00:00\",\"author\":{\"@id\":\"https:\\\/\\\/www.vichycatalan.com\\\/ca\\\/#\\\/schema\\\/person\\\/9e9caa8bfa8dcd27fcfebdfcba33932a\"},\"breadcrumb\":{\"@id\":\"https:\\\/\\\/www.vichycatalan.com\\\/ca\\\/lampolla-de-vichy-catalan-1881-inspirada-en-la-musa-de-laigua-obte-un-best-awards-de-plata-en-la-modalitat-de-best-branding-packaging\\\/#breadcrumb\"},\"inLanguage\":\"ca\",\"potentialAction\":[{\"@type\":\"ReadAction\",\"target\":[\"https:\\\/\\\/www.vichycatalan.com\\\/ca\\\/lampolla-de-vichy-catalan-1881-inspirada-en-la-musa-de-laigua-obte-un-best-awards-de-plata-en-la-modalitat-de-best-branding-packaging\\\/\"]}]},{\"@type\":\"ImageObject\",\"inLanguage\":\"ca\",\"@id\":\"https:\\\/\\\/www.vichycatalan.com\\\/ca\\\/lampolla-de-vichy-catalan-1881-inspirada-en-la-musa-de-laigua-obte-un-best-awards-de-plata-en-la-modalitat-de-best-branding-packaging\\\/#primaryimage\",\"url\":\"https:\\\/\\\/www.vichycatalan.com\\\/wp-content\\\/uploads\\\/2018\\\/10\\\/Best20Award202017-1.jpg\",\"contentUrl\":\"https:\\\/\\\/www.vichycatalan.com\\\/wp-content\\\/uploads\\\/2018\\\/10\\\/Best20Award202017-1.jpg\",\"width\":3264,\"height\":1836},{\"@type\":\"BreadcrumbList\",\"@id\":\"https:\\\/\\\/www.vichycatalan.com\\\/ca\\\/lampolla-de-vichy-catalan-1881-inspirada-en-la-musa-de-laigua-obte-un-best-awards-de-plata-en-la-modalitat-de-best-branding-packaging\\\/#breadcrumb\",\"itemListElement\":[{\"@type\":\"ListItem\",\"position\":1,\"name\":\"Portada\",\"item\":\"https:\\\/\\\/www.vichycatalan.com\\\/ca\\\/\"},{\"@type\":\"ListItem\",\"position\":2,\"name\":\"L&#8217;ampolla de Vichy Catalan 1881 inspirada en la Musa de l&#8217;Aigua, obt\u00e9 un Best Awards de plata en la modalitat de Best Branding Packaging\"}]},{\"@type\":\"WebSite\",\"@id\":\"https:\\\/\\\/www.vichycatalan.com\\\/ca\\\/#website\",\"url\":\"https:\\\/\\\/www.vichycatalan.com\\\/ca\\\/\",\"name\":\"Vichy Catalan Corporation\",\"description\":\"Web de Vichy Catalan Corporation\",\"potentialAction\":[{\"@type\":\"SearchAction\",\"target\":{\"@type\":\"EntryPoint\",\"urlTemplate\":\"https:\\\/\\\/www.vichycatalan.com\\\/ca\\\/?s={search_term_string}\"},\"query-input\":{\"@type\":\"PropertyValueSpecification\",\"valueRequired\":true,\"valueName\":\"search_term_string\"}}],\"inLanguage\":\"ca\"},{\"@type\":\"Person\",\"@id\":\"https:\\\/\\\/www.vichycatalan.com\\\/ca\\\/#\\\/schema\\\/person\\\/9e9caa8bfa8dcd27fcfebdfcba33932a\",\"name\":\"Comunica Web\"}]}<\/script>\n<!-- \/ Yoast SEO plugin. -->","yoast_head_json":{"title":"L'ampolla de Vichy Catalan 1881 inspirada en la Musa de l'Aigua, obt\u00e9 un Best Awards de plata en la modalitat de Best Branding Packaging - Vichy Catalan Corporation","robots":{"index":"index","follow":"follow","max-snippet":"max-snippet:-1","max-image-preview":"max-image-preview:large","max-video-preview":"max-video-preview:-1"},"canonical":"https:\/\/www.vichycatalan.com\/ca\/lampolla-de-vichy-catalan-1881-inspirada-en-la-musa-de-laigua-obte-un-best-awards-de-plata-en-la-modalitat-de-best-branding-packaging\/","og_locale":"ca_ES","og_type":"article","og_title":"L'ampolla de Vichy Catalan 1881 inspirada en la Musa de l'Aigua, obt\u00e9 un Best Awards de plata en la modalitat de Best Branding Packaging - Vichy Catalan Corporation","og_description":"L'ampolla de Vichy Catalan 1881 inspirada en la Musa de l'Aigua ha obtingut un premi de plata als Best Awards 2017 en la categoria de begudes no alcoh\u00f2liques, modalitat de Best Branding Packaging. Aquesta ampolla \u00e9s una edici\u00f3 limitada que es va llan\u00e7ar al mercat a finals de 2016 per commemorar els 135 anys d'hist\u00f2ria [&hellip;]","og_url":"https:\/\/www.vichycatalan.com\/ca\/lampolla-de-vichy-catalan-1881-inspirada-en-la-musa-de-laigua-obte-un-best-awards-de-plata-en-la-modalitat-de-best-branding-packaging\/","og_site_name":"Vichy Catalan Corporation","article_published_time":"2017-04-03T14:17:06+00:00","article_modified_time":"2018-10-18T14:16:03+00:00","og_image":[{"width":3264,"height":1836,"url":"https:\/\/www.vichycatalan.com\/wp-content\/uploads\/2018\/10\/Best20Award202017-1.jpg","type":"image\/jpeg"}],"author":"Comunica Web","twitter_card":"summary_large_image","twitter_misc":{"Escrit per":"Comunica Web","Temps estimat de lectura":"1 minut"},"schema":{"@context":"https:\/\/schema.org","@graph":[{"@type":"Article","@id":"https:\/\/www.vichycatalan.com\/ca\/lampolla-de-vichy-catalan-1881-inspirada-en-la-musa-de-laigua-obte-un-best-awards-de-plata-en-la-modalitat-de-best-branding-packaging\/#article","isPartOf":{"@id":"https:\/\/www.vichycatalan.com\/ca\/lampolla-de-vichy-catalan-1881-inspirada-en-la-musa-de-laigua-obte-un-best-awards-de-plata-en-la-modalitat-de-best-branding-packaging\/"},"author":{"name":"Comunica Web","@id":"https:\/\/www.vichycatalan.com\/ca\/#\/schema\/person\/9e9caa8bfa8dcd27fcfebdfcba33932a"},"headline":"L&#8217;ampolla de Vichy Catalan 1881 inspirada en la Musa de l&#8217;Aigua, obt\u00e9 un Best Awards de plata en la modalitat de Best Branding Packaging","datePublished":"2017-04-03T14:17:06+00:00","dateModified":"2018-10-18T14:16:03+00:00","mainEntityOfPage":{"@id":"https:\/\/www.vichycatalan.com\/ca\/lampolla-de-vichy-catalan-1881-inspirada-en-la-musa-de-laigua-obte-un-best-awards-de-plata-en-la-modalitat-de-best-branding-packaging\/"},"wordCount":184,"image":{"@id":"https:\/\/www.vichycatalan.com\/ca\/lampolla-de-vichy-catalan-1881-inspirada-en-la-musa-de-laigua-obte-un-best-awards-de-plata-en-la-modalitat-de-best-branding-packaging\/#primaryimage"},"thumbnailUrl":"https:\/\/www.vichycatalan.com\/wp-content\/uploads\/2018\/10\/Best20Award202017-1.jpg","articleSection":["Noticies"],"inLanguage":"ca"},{"@type":"WebPage","@id":"https:\/\/www.vichycatalan.com\/ca\/lampolla-de-vichy-catalan-1881-inspirada-en-la-musa-de-laigua-obte-un-best-awards-de-plata-en-la-modalitat-de-best-branding-packaging\/","url":"https:\/\/www.vichycatalan.com\/ca\/lampolla-de-vichy-catalan-1881-inspirada-en-la-musa-de-laigua-obte-un-best-awards-de-plata-en-la-modalitat-de-best-branding-packaging\/","name":"L'ampolla de Vichy Catalan 1881 inspirada en la Musa de l'Aigua, obt\u00e9 un Best Awards de plata en la modalitat de Best Branding Packaging - Vichy Catalan Corporation","isPartOf":{"@id":"https:\/\/www.vichycatalan.com\/ca\/#website"},"primaryImageOfPage":{"@id":"https:\/\/www.vichycatalan.com\/ca\/lampolla-de-vichy-catalan-1881-inspirada-en-la-musa-de-laigua-obte-un-best-awards-de-plata-en-la-modalitat-de-best-branding-packaging\/#primaryimage"},"image":{"@id":"https:\/\/www.vichycatalan.com\/ca\/lampolla-de-vichy-catalan-1881-inspirada-en-la-musa-de-laigua-obte-un-best-awards-de-plata-en-la-modalitat-de-best-branding-packaging\/#primaryimage"},"thumbnailUrl":"https:\/\/www.vichycatalan.com\/wp-content\/uploads\/2018\/10\/Best20Award202017-1.jpg","datePublished":"2017-04-03T14:17:06+00:00","dateModified":"2018-10-18T14:16:03+00:00","author":{"@id":"https:\/\/www.vichycatalan.com\/ca\/#\/schema\/person\/9e9caa8bfa8dcd27fcfebdfcba33932a"},"breadcrumb":{"@id":"https:\/\/www.vichycatalan.com\/ca\/lampolla-de-vichy-catalan-1881-inspirada-en-la-musa-de-laigua-obte-un-best-awards-de-plata-en-la-modalitat-de-best-branding-packaging\/#breadcrumb"},"inLanguage":"ca","potentialAction":[{"@type":"ReadAction","target":["https:\/\/www.vichycatalan.com\/ca\/lampolla-de-vichy-catalan-1881-inspirada-en-la-musa-de-laigua-obte-un-best-awards-de-plata-en-la-modalitat-de-best-branding-packaging\/"]}]},{"@type":"ImageObject","inLanguage":"ca","@id":"https:\/\/www.vichycatalan.com\/ca\/lampolla-de-vichy-catalan-1881-inspirada-en-la-musa-de-laigua-obte-un-best-awards-de-plata-en-la-modalitat-de-best-branding-packaging\/#primaryimage","url":"https:\/\/www.vichycatalan.com\/wp-content\/uploads\/2018\/10\/Best20Award202017-1.jpg","contentUrl":"https:\/\/www.vichycatalan.com\/wp-content\/uploads\/2018\/10\/Best20Award202017-1.jpg","width":3264,"height":1836},{"@type":"BreadcrumbList","@id":"https:\/\/www.vichycatalan.com\/ca\/lampolla-de-vichy-catalan-1881-inspirada-en-la-musa-de-laigua-obte-un-best-awards-de-plata-en-la-modalitat-de-best-branding-packaging\/#breadcrumb","itemListElement":[{"@type":"ListItem","position":1,"name":"Portada","item":"https:\/\/www.vichycatalan.com\/ca\/"},{"@type":"ListItem","position":2,"name":"L&#8217;ampolla de Vichy Catalan 1881 inspirada en la Musa de l&#8217;Aigua, obt\u00e9 un Best Awards de plata en la modalitat de Best Branding Packaging"}]},{"@type":"WebSite","@id":"https:\/\/www.vichycatalan.com\/ca\/#website","url":"https:\/\/www.vichycatalan.com\/ca\/","name":"Vichy Catalan Corporation","description":"Web de Vichy Catalan Corporation","potentialAction":[{"@type":"SearchAction","target":{"@type":"EntryPoint","urlTemplate":"https:\/\/www.vichycatalan.com\/ca\/?s={search_term_string}"},"query-input":{"@type":"PropertyValueSpecification","valueRequired":true,"valueName":"search_term_string"}}],"inLanguage":"ca"},{"@type":"Person","@id":"https:\/\/www.vichycatalan.com\/ca\/#\/schema\/person\/9e9caa8bfa8dcd27fcfebdfcba33932a","name":"Comunica Web"}]}},"_links":{"self":[{"href":"https:\/\/www.vichycatalan.com\/ca\/wp-json\/wp\/v2\/posts\/3508","targetHints":{"allow":["GET"]}}],"collection":[{"href":"https:\/\/www.vichycatalan.com\/ca\/wp-json\/wp\/v2\/posts"}],"about":[{"href":"https:\/\/www.vichycatalan.com\/ca\/wp-json\/wp\/v2\/types\/post"}],"author":[{"embeddable":true,"href":"https:\/\/www.vichycatalan.com\/ca\/wp-json\/wp\/v2\/users\/1"}],"replies":[{"embeddable":true,"href":"https:\/\/www.vichycatalan.com\/ca\/wp-json\/wp\/v2\/comments?post=3508"}],"version-history":[{"count":0,"href":"https:\/\/www.vichycatalan.com\/ca\/wp-json\/wp\/v2\/posts\/3508\/revisions"}],"wp:featuredmedia":[{"embeddable":true,"href":"https:\/\/www.vichycatalan.com\/ca\/wp-json\/wp\/v2\/media\/3509"}],"wp:attachment":[{"href":"https:\/\/www.vichycatalan.com\/ca\/wp-json\/wp\/v2\/media?parent=3508"}],"wp:term":[{"taxonomy":"category","embeddable":true,"href":"https:\/\/www.vichycatalan.com\/ca\/wp-json\/wp\/v2\/categories?post=3508"},{"taxonomy":"post_tag","embeddable":true,"href":"https:\/\/www.vichycatalan.com\/ca\/wp-json\/wp\/v2\/tags?post=3508"}],"curies":[{"name":"wp","href":"https:\/\/api.w.org\/{rel}","templated":true}]}}