{"id":3467,"date":"2017-06-29T16:20:26","date_gmt":"2017-06-29T14:20:26","guid":{"rendered":"https:\/\/www.vichycatalan.com\/vichy-catalan-corporation-presenta-vichy-dor-nova-gamma-de-begudes-funcionals-i-saludables\/"},"modified":"2018-10-18T16:11:50","modified_gmt":"2018-10-18T14:11:50","slug":"vichy-catalan-corporation-presenta-vichy-dor-nova-gamma-de-begudes-funcionals-i-saludables","status":"publish","type":"post","link":"https:\/\/www.vichycatalan.com\/ca\/vichy-catalan-corporation-presenta-vichy-dor-nova-gamma-de-begudes-funcionals-i-saludables\/","title":{"rendered":"Vichy Catalan Corporation presenta \u201cVichy d\u00b4Or\u201d, nova gamma de begudes funcionals i saludables"},"content":{"rendered":"<div class=\"cuerpo\">\n<p style=\"margin-left:-14.2pt;\">Vichy Catal\u00e1n, lider i marca de refer\u00e8ncia al sector de les aig\u00fces carb\u00f2niques amb m\u00e9s de 135 anys d\u00b4hist\u00f2ria, ha presentat avui al Col.legi de Farmac\u00e8utics de Barcelona, una nova gamma de nutricosm\u00e8tica, anomenada <strong>\u201cVichy d\u00b4Or\u201d, que es comercialitzar\u00e0 exclusivament a les farm\u00e0cies.<\/strong><\/p>\n<p style=\"margin-left:-14.2pt;\">\u00a0<\/p>\n<p style=\"margin-left:-14.2pt;\">La presentaci\u00f3 de la nova gamma de productes ha estat estructurada en dos actes: al mat\u00ed s\u00b4ha realitzat la roda de premsa i al migdia ha tingut lloc la presentaci\u00f3 als professionals de la farm\u00e0cia.<\/p>\n<p style=\"margin-left:-14.2pt;\">\u00a0<\/p>\n<p style=\"margin-left:-14.2pt;\">\u00a0Alberto Cabadas, Director d\u00b4Innovaci\u00f3 de Vichy Catalan Corporation, ha destacat que <em>\u201camb el llan\u00e7ament d\u00b4aquesta gamma de productes, Vichy Catalan ha posat en manifest un cop m\u00e9s, <strong>la preocupaci\u00f3 per la salut de les persones, en aquest cas concret, per la salut de la pell. <\/strong>El que avui presentem \u00e9s fruit del nostre <strong>esfor\u00e7 en innovaci\u00f3 i de m\u00e9s de 135 anys d\u00b4hist\u00f2ria i coneixement\u201d.<\/strong><\/em><\/p>\n<p style=\"margin-left:-14.2pt;\">\u00a0<\/p>\n<p style=\"margin-left:-14.2pt;\">El Doctor Garc\u00e9s (Cap Cl\u00ednic del Servei de Dermatologia de l\u00b4Hospital Santa Creu i Sant Pau) ha realitzat la presentaci\u00f3 del <strong>Repara d\u00b4Or, beguda funcional de suc de fruites i extractes vegetals, amb col\u00e0gen, \u00e0cid hilaur\u00f2nic, aloe vera, vitamines i minerals, amb aig\u00fces minerals Vichy Catalan i Font d\u00b4Or, amb sabor de pr\u00e8ssec i mango. <\/strong>Desenvolupat per a la reparaci\u00f3 dels teixits (pell, cabell, ungles i articulacions), aix\u00ed com per a millorar l\u00b4elasticitat i la hidrataci\u00f3 de la pell.<\/p>\n<p style=\"margin-left:-14.2pt;\">\u00a0<\/p>\n<p style=\"margin-left:-14.2pt;\">Garc\u00e9s ha destacat dos dels seus components, per un cant\u00f3 \u201c<strong>el col\u00e0gen hidralitzat, ja que \u00e9s absorbit millor per la pell i d\u00b4altra banda, l\u00b4aloe vera, ja que potencia l\u00b4acci\u00f3 del col\u00e0gen i \u00e9s molt hidratant\u201d. <\/strong><em>Tamb\u00e9 ha explicat que <strong>\u201cno cont\u00e9 sucre, ni lactosa, ni gluten, per tant \u00e9s un c\u00f3ctel perfecte per a la reparaci\u00f3 de la pell.<\/strong> <\/em><\/p>\n<p style=\"margin-left:-14.2pt;\">\u00a0<\/p>\n<p style=\"margin-left:-14.2pt;\">La Dra. Puig (Cap del Servei de Dermatologia de l\u00b4Hospital Cl\u00ednic de Barcelona) ha estat l\u00b4encarregada de presentar el <strong>Protect d\u00b4Or,<\/strong> <strong>compost per suc de magrana, extractes de fruites i vegetals, vitamines i minerals amb aig\u00fces minerals naturals Vichy Catalan i Font d\u00b4Or, aromes, edulcorants, amb sabor a fruits vermells.<\/strong><\/p>\n<p style=\"margin-left:-14.2pt;\">\u00a0<\/p>\n<p style=\"margin-left:-14.2pt;\"><strong>Protect d\u00b4Or<\/strong> ha estat desenvolupada per a <strong>protegir les c\u00e8l.lules del dany oxidatiu, actuant contra: per\u00f2xids, radicals lliures, aix\u00ed com la radiaci\u00f3 solar, el tabac, la contaminaci\u00f3, etc. <\/strong>Puig ha destacat que <strong><em>\u201caquesta beguda presenta una composici\u00f3 equilibrada de vitamines necess\u00e0ries per a la vida\u201d. Molt recomanada per a persones amb alt \u00edndex d\u00b4estr\u00e8s i una dieta incorrecta\u201d.<\/em><\/strong><em> A m\u00e9s ha afegit \u201c<strong>si existeix un problema concret a la dermis, els efectes del Protect <\/strong>d\u00b4Or poden ser visibles <strong>en 2 setmanes<\/strong>, <strong>encara que 6 mesos de tractament seria el per\u00edode \u00f2ptim\u201d.<\/strong><\/em><\/p>\n<p style=\"margin-left:-14.2pt;\">\u00a0<\/p>\n<p style=\"margin-left:-14.2pt;\">La visi\u00f3 de com gestionar la categoria de nutricosm\u00e8tica a la farm\u00e0cia, l\u00b4ha aportat la farmac\u00e9utica i especialista en dermofarma, <strong>Paz Arnau<\/strong>, qui ha argumentat que <strong>\u201cla farm\u00e0cia \u00e9s el canal adient per a la comercialitzaci\u00f3 de Vichy d\u00b4Or, ja que ha de ser el farmac\u00e8utic qui prescrigui aquests productes, oferint al client un tractament farmacol\u00f2gic integral\u201d.<\/strong><em> Ha comentat tamb\u00e9 que les consultes sobre nutricosm\u00e8tica creixen a la farm\u00e0cia i \u201c<strong>amb els productes Vichy d\u00b4Or, podem proveir al client la clau per a l\u00b4envelliment saludable de la pell\u201d.<\/strong><\/em><\/p>\n<p style=\"margin-left:-14.2pt;\">\u00a0<\/p>\n<p style=\"margin-left:-14.2pt;\"><strong>Protect d\u00b4Or i Repara d\u00b4Or estan ja disponibles a les farm\u00e0cies \u00a0<\/strong>i es presenten <strong>en monodosis de 200 ml<\/strong>. S\u00f3n tractaments compatibles i complementaris, ra\u00f3 per la que la seva ingesta es pot combinar, sense superar les 2 ampolletes diaries entre amb\u00f2s tractaments. Una recomanaci\u00f3 del Doctor Garc\u00e9s, \u00e9s una monodosis de <strong>Protect d\u00b4Or al mat\u00ed i una de Repara d\u00b4Or a la nit.<\/strong><\/p>\n<p style=\"margin-left:-14.2pt;\">\u00a0<\/p>\n<p style=\"margin-left:-14.2pt;\">Despr\u00e9s de l\u00b4estiu, est\u00e0 previst el llan\u00e7ament de la tercera beguda funcional que completar\u00e0 la gamma Vichy d\u00b4Or.<\/p>\n<\/p><\/div>\n","protected":false},"excerpt":{"rendered":"<p>Vichy Catal\u00e1n, lider i marca de refer\u00e8ncia al sector de les aig\u00fces carb\u00f2niques amb m\u00e9s de 135 anys d\u00b4hist\u00f2ria, ha presentat avui al Col.legi de Farmac\u00e8utics de Barcelona, una nova gamma de nutricosm\u00e8tica, anomenada \u201cVichy d\u00b4Or\u201d, que es comercialitzar\u00e0 exclusivament a les farm\u00e0cies. \u00a0 La presentaci\u00f3 de la nova gamma de productes ha estat estructurada [&hellip;]<\/p>\n","protected":false},"author":1,"featured_media":3468,"comment_status":"closed","ping_status":"closed","sticky":false,"template":"","format":"standard","meta":{"_acf_changed":false,"_et_pb_use_builder":"","_et_pb_old_content":"","_et_gb_content_width":"","footnotes":""},"categories":[93],"tags":[],"class_list":["post-3467","post","type-post","status-publish","format-standard","has-post-thumbnail","hentry","category-noticies"],"acf":[],"yoast_head":"<!-- This site is optimized with the Yoast SEO plugin v27.5 - https:\/\/yoast.com\/product\/yoast-seo-wordpress\/ -->\n<title>Vichy Catalan Corporation presenta \u201cVichy d\u00b4Or\u201d, nova gamma de begudes funcionals i saludables - Vichy Catalan Corporation<\/title>\n<meta name=\"robots\" content=\"index, follow, max-snippet:-1, max-image-preview:large, max-video-preview:-1\" \/>\n<link rel=\"canonical\" href=\"https:\/\/www.vichycatalan.com\/ca\/vichy-catalan-corporation-presenta-vichy-dor-nova-gamma-de-begudes-funcionals-i-saludables\/\" \/>\n<meta property=\"og:locale\" content=\"ca_ES\" \/>\n<meta property=\"og:type\" content=\"article\" \/>\n<meta property=\"og:title\" content=\"Vichy Catalan Corporation presenta \u201cVichy d\u00b4Or\u201d, nova gamma de begudes funcionals i saludables - Vichy Catalan Corporation\" \/>\n<meta property=\"og:description\" content=\"Vichy Catal\u00e1n, lider i marca de refer\u00e8ncia al sector de les aig\u00fces carb\u00f2niques amb m\u00e9s de 135 anys d\u00b4hist\u00f2ria, ha presentat avui al Col.legi de Farmac\u00e8utics de Barcelona, una nova gamma de nutricosm\u00e8tica, anomenada \u201cVichy d\u00b4Or\u201d, que es comercialitzar\u00e0 exclusivament a les farm\u00e0cies. \u00a0 La presentaci\u00f3 de la nova gamma de productes ha estat estructurada [&hellip;]\" \/>\n<meta property=\"og:url\" content=\"https:\/\/www.vichycatalan.com\/ca\/vichy-catalan-corporation-presenta-vichy-dor-nova-gamma-de-begudes-funcionals-i-saludables\/\" \/>\n<meta property=\"og:site_name\" content=\"Vichy Catalan Corporation\" \/>\n<meta property=\"article:published_time\" content=\"2017-06-29T14:20:26+00:00\" \/>\n<meta property=\"article:modified_time\" content=\"2018-10-18T14:11:50+00:00\" \/>\n<meta property=\"og:image\" content=\"https:\/\/www.vichycatalan.com\/wp-content\/uploads\/2018\/10\/IMG_7726-1.jpg\" \/>\n\t<meta property=\"og:image:width\" content=\"1776\" \/>\n\t<meta property=\"og:image:height\" content=\"1184\" \/>\n\t<meta property=\"og:image:type\" content=\"image\/jpeg\" \/>\n<meta name=\"author\" content=\"Comunica Web\" \/>\n<meta name=\"twitter:card\" content=\"summary_large_image\" \/>\n<meta name=\"twitter:label1\" content=\"Escrit per\" \/>\n\t<meta name=\"twitter:data1\" content=\"Comunica Web\" \/>\n\t<meta name=\"twitter:label2\" content=\"Temps estimat de lectura\" \/>\n\t<meta name=\"twitter:data2\" content=\"3 minuts\" \/>\n<script type=\"application\/ld+json\" class=\"yoast-schema-graph\">{\"@context\":\"https:\\\/\\\/schema.org\",\"@graph\":[{\"@type\":\"Article\",\"@id\":\"https:\\\/\\\/www.vichycatalan.com\\\/ca\\\/vichy-catalan-corporation-presenta-vichy-dor-nova-gamma-de-begudes-funcionals-i-saludables\\\/#article\",\"isPartOf\":{\"@id\":\"https:\\\/\\\/www.vichycatalan.com\\\/ca\\\/vichy-catalan-corporation-presenta-vichy-dor-nova-gamma-de-begudes-funcionals-i-saludables\\\/\"},\"author\":{\"name\":\"Comunica Web\",\"@id\":\"https:\\\/\\\/www.vichycatalan.com\\\/ca\\\/#\\\/schema\\\/person\\\/9e9caa8bfa8dcd27fcfebdfcba33932a\"},\"headline\":\"Vichy Catalan Corporation presenta \u201cVichy d\u00b4Or\u201d, nova gamma de begudes funcionals i saludables\",\"datePublished\":\"2017-06-29T14:20:26+00:00\",\"dateModified\":\"2018-10-18T14:11:50+00:00\",\"mainEntityOfPage\":{\"@id\":\"https:\\\/\\\/www.vichycatalan.com\\\/ca\\\/vichy-catalan-corporation-presenta-vichy-dor-nova-gamma-de-begudes-funcionals-i-saludables\\\/\"},\"wordCount\":679,\"image\":{\"@id\":\"https:\\\/\\\/www.vichycatalan.com\\\/ca\\\/vichy-catalan-corporation-presenta-vichy-dor-nova-gamma-de-begudes-funcionals-i-saludables\\\/#primaryimage\"},\"thumbnailUrl\":\"https:\\\/\\\/www.vichycatalan.com\\\/wp-content\\\/uploads\\\/2018\\\/10\\\/IMG_7726-1.jpg\",\"articleSection\":[\"Noticies\"],\"inLanguage\":\"ca\"},{\"@type\":\"WebPage\",\"@id\":\"https:\\\/\\\/www.vichycatalan.com\\\/ca\\\/vichy-catalan-corporation-presenta-vichy-dor-nova-gamma-de-begudes-funcionals-i-saludables\\\/\",\"url\":\"https:\\\/\\\/www.vichycatalan.com\\\/ca\\\/vichy-catalan-corporation-presenta-vichy-dor-nova-gamma-de-begudes-funcionals-i-saludables\\\/\",\"name\":\"Vichy Catalan Corporation presenta \u201cVichy d\u00b4Or\u201d, nova gamma de begudes funcionals i saludables - Vichy Catalan Corporation\",\"isPartOf\":{\"@id\":\"https:\\\/\\\/www.vichycatalan.com\\\/ca\\\/#website\"},\"primaryImageOfPage\":{\"@id\":\"https:\\\/\\\/www.vichycatalan.com\\\/ca\\\/vichy-catalan-corporation-presenta-vichy-dor-nova-gamma-de-begudes-funcionals-i-saludables\\\/#primaryimage\"},\"image\":{\"@id\":\"https:\\\/\\\/www.vichycatalan.com\\\/ca\\\/vichy-catalan-corporation-presenta-vichy-dor-nova-gamma-de-begudes-funcionals-i-saludables\\\/#primaryimage\"},\"thumbnailUrl\":\"https:\\\/\\\/www.vichycatalan.com\\\/wp-content\\\/uploads\\\/2018\\\/10\\\/IMG_7726-1.jpg\",\"datePublished\":\"2017-06-29T14:20:26+00:00\",\"dateModified\":\"2018-10-18T14:11:50+00:00\",\"author\":{\"@id\":\"https:\\\/\\\/www.vichycatalan.com\\\/ca\\\/#\\\/schema\\\/person\\\/9e9caa8bfa8dcd27fcfebdfcba33932a\"},\"breadcrumb\":{\"@id\":\"https:\\\/\\\/www.vichycatalan.com\\\/ca\\\/vichy-catalan-corporation-presenta-vichy-dor-nova-gamma-de-begudes-funcionals-i-saludables\\\/#breadcrumb\"},\"inLanguage\":\"ca\",\"potentialAction\":[{\"@type\":\"ReadAction\",\"target\":[\"https:\\\/\\\/www.vichycatalan.com\\\/ca\\\/vichy-catalan-corporation-presenta-vichy-dor-nova-gamma-de-begudes-funcionals-i-saludables\\\/\"]}]},{\"@type\":\"ImageObject\",\"inLanguage\":\"ca\",\"@id\":\"https:\\\/\\\/www.vichycatalan.com\\\/ca\\\/vichy-catalan-corporation-presenta-vichy-dor-nova-gamma-de-begudes-funcionals-i-saludables\\\/#primaryimage\",\"url\":\"https:\\\/\\\/www.vichycatalan.com\\\/wp-content\\\/uploads\\\/2018\\\/10\\\/IMG_7726-1.jpg\",\"contentUrl\":\"https:\\\/\\\/www.vichycatalan.com\\\/wp-content\\\/uploads\\\/2018\\\/10\\\/IMG_7726-1.jpg\",\"width\":1776,\"height\":1184},{\"@type\":\"BreadcrumbList\",\"@id\":\"https:\\\/\\\/www.vichycatalan.com\\\/ca\\\/vichy-catalan-corporation-presenta-vichy-dor-nova-gamma-de-begudes-funcionals-i-saludables\\\/#breadcrumb\",\"itemListElement\":[{\"@type\":\"ListItem\",\"position\":1,\"name\":\"Portada\",\"item\":\"https:\\\/\\\/www.vichycatalan.com\\\/ca\\\/\"},{\"@type\":\"ListItem\",\"position\":2,\"name\":\"Vichy Catalan Corporation presenta \u201cVichy d\u00b4Or\u201d, nova gamma de begudes funcionals i saludables\"}]},{\"@type\":\"WebSite\",\"@id\":\"https:\\\/\\\/www.vichycatalan.com\\\/ca\\\/#website\",\"url\":\"https:\\\/\\\/www.vichycatalan.com\\\/ca\\\/\",\"name\":\"Vichy Catalan Corporation\",\"description\":\"Web de Vichy Catalan Corporation\",\"potentialAction\":[{\"@type\":\"SearchAction\",\"target\":{\"@type\":\"EntryPoint\",\"urlTemplate\":\"https:\\\/\\\/www.vichycatalan.com\\\/ca\\\/?s={search_term_string}\"},\"query-input\":{\"@type\":\"PropertyValueSpecification\",\"valueRequired\":true,\"valueName\":\"search_term_string\"}}],\"inLanguage\":\"ca\"},{\"@type\":\"Person\",\"@id\":\"https:\\\/\\\/www.vichycatalan.com\\\/ca\\\/#\\\/schema\\\/person\\\/9e9caa8bfa8dcd27fcfebdfcba33932a\",\"name\":\"Comunica Web\"}]}<\/script>\n<!-- \/ Yoast SEO plugin. -->","yoast_head_json":{"title":"Vichy Catalan Corporation presenta \u201cVichy d\u00b4Or\u201d, nova gamma de begudes funcionals i saludables - Vichy Catalan Corporation","robots":{"index":"index","follow":"follow","max-snippet":"max-snippet:-1","max-image-preview":"max-image-preview:large","max-video-preview":"max-video-preview:-1"},"canonical":"https:\/\/www.vichycatalan.com\/ca\/vichy-catalan-corporation-presenta-vichy-dor-nova-gamma-de-begudes-funcionals-i-saludables\/","og_locale":"ca_ES","og_type":"article","og_title":"Vichy Catalan Corporation presenta \u201cVichy d\u00b4Or\u201d, nova gamma de begudes funcionals i saludables - Vichy Catalan Corporation","og_description":"Vichy Catal\u00e1n, lider i marca de refer\u00e8ncia al sector de les aig\u00fces carb\u00f2niques amb m\u00e9s de 135 anys d\u00b4hist\u00f2ria, ha presentat avui al Col.legi de Farmac\u00e8utics de Barcelona, una nova gamma de nutricosm\u00e8tica, anomenada \u201cVichy d\u00b4Or\u201d, que es comercialitzar\u00e0 exclusivament a les farm\u00e0cies. \u00a0 La presentaci\u00f3 de la nova gamma de productes ha estat estructurada [&hellip;]","og_url":"https:\/\/www.vichycatalan.com\/ca\/vichy-catalan-corporation-presenta-vichy-dor-nova-gamma-de-begudes-funcionals-i-saludables\/","og_site_name":"Vichy Catalan Corporation","article_published_time":"2017-06-29T14:20:26+00:00","article_modified_time":"2018-10-18T14:11:50+00:00","og_image":[{"width":1776,"height":1184,"url":"https:\/\/www.vichycatalan.com\/wp-content\/uploads\/2018\/10\/IMG_7726-1.jpg","type":"image\/jpeg"}],"author":"Comunica Web","twitter_card":"summary_large_image","twitter_misc":{"Escrit per":"Comunica Web","Temps estimat de lectura":"3 minuts"},"schema":{"@context":"https:\/\/schema.org","@graph":[{"@type":"Article","@id":"https:\/\/www.vichycatalan.com\/ca\/vichy-catalan-corporation-presenta-vichy-dor-nova-gamma-de-begudes-funcionals-i-saludables\/#article","isPartOf":{"@id":"https:\/\/www.vichycatalan.com\/ca\/vichy-catalan-corporation-presenta-vichy-dor-nova-gamma-de-begudes-funcionals-i-saludables\/"},"author":{"name":"Comunica Web","@id":"https:\/\/www.vichycatalan.com\/ca\/#\/schema\/person\/9e9caa8bfa8dcd27fcfebdfcba33932a"},"headline":"Vichy Catalan Corporation presenta \u201cVichy d\u00b4Or\u201d, nova gamma de begudes funcionals i saludables","datePublished":"2017-06-29T14:20:26+00:00","dateModified":"2018-10-18T14:11:50+00:00","mainEntityOfPage":{"@id":"https:\/\/www.vichycatalan.com\/ca\/vichy-catalan-corporation-presenta-vichy-dor-nova-gamma-de-begudes-funcionals-i-saludables\/"},"wordCount":679,"image":{"@id":"https:\/\/www.vichycatalan.com\/ca\/vichy-catalan-corporation-presenta-vichy-dor-nova-gamma-de-begudes-funcionals-i-saludables\/#primaryimage"},"thumbnailUrl":"https:\/\/www.vichycatalan.com\/wp-content\/uploads\/2018\/10\/IMG_7726-1.jpg","articleSection":["Noticies"],"inLanguage":"ca"},{"@type":"WebPage","@id":"https:\/\/www.vichycatalan.com\/ca\/vichy-catalan-corporation-presenta-vichy-dor-nova-gamma-de-begudes-funcionals-i-saludables\/","url":"https:\/\/www.vichycatalan.com\/ca\/vichy-catalan-corporation-presenta-vichy-dor-nova-gamma-de-begudes-funcionals-i-saludables\/","name":"Vichy Catalan Corporation presenta \u201cVichy d\u00b4Or\u201d, nova gamma de begudes funcionals i saludables - Vichy Catalan Corporation","isPartOf":{"@id":"https:\/\/www.vichycatalan.com\/ca\/#website"},"primaryImageOfPage":{"@id":"https:\/\/www.vichycatalan.com\/ca\/vichy-catalan-corporation-presenta-vichy-dor-nova-gamma-de-begudes-funcionals-i-saludables\/#primaryimage"},"image":{"@id":"https:\/\/www.vichycatalan.com\/ca\/vichy-catalan-corporation-presenta-vichy-dor-nova-gamma-de-begudes-funcionals-i-saludables\/#primaryimage"},"thumbnailUrl":"https:\/\/www.vichycatalan.com\/wp-content\/uploads\/2018\/10\/IMG_7726-1.jpg","datePublished":"2017-06-29T14:20:26+00:00","dateModified":"2018-10-18T14:11:50+00:00","author":{"@id":"https:\/\/www.vichycatalan.com\/ca\/#\/schema\/person\/9e9caa8bfa8dcd27fcfebdfcba33932a"},"breadcrumb":{"@id":"https:\/\/www.vichycatalan.com\/ca\/vichy-catalan-corporation-presenta-vichy-dor-nova-gamma-de-begudes-funcionals-i-saludables\/#breadcrumb"},"inLanguage":"ca","potentialAction":[{"@type":"ReadAction","target":["https:\/\/www.vichycatalan.com\/ca\/vichy-catalan-corporation-presenta-vichy-dor-nova-gamma-de-begudes-funcionals-i-saludables\/"]}]},{"@type":"ImageObject","inLanguage":"ca","@id":"https:\/\/www.vichycatalan.com\/ca\/vichy-catalan-corporation-presenta-vichy-dor-nova-gamma-de-begudes-funcionals-i-saludables\/#primaryimage","url":"https:\/\/www.vichycatalan.com\/wp-content\/uploads\/2018\/10\/IMG_7726-1.jpg","contentUrl":"https:\/\/www.vichycatalan.com\/wp-content\/uploads\/2018\/10\/IMG_7726-1.jpg","width":1776,"height":1184},{"@type":"BreadcrumbList","@id":"https:\/\/www.vichycatalan.com\/ca\/vichy-catalan-corporation-presenta-vichy-dor-nova-gamma-de-begudes-funcionals-i-saludables\/#breadcrumb","itemListElement":[{"@type":"ListItem","position":1,"name":"Portada","item":"https:\/\/www.vichycatalan.com\/ca\/"},{"@type":"ListItem","position":2,"name":"Vichy Catalan Corporation presenta \u201cVichy d\u00b4Or\u201d, nova gamma de begudes funcionals i saludables"}]},{"@type":"WebSite","@id":"https:\/\/www.vichycatalan.com\/ca\/#website","url":"https:\/\/www.vichycatalan.com\/ca\/","name":"Vichy Catalan Corporation","description":"Web de Vichy Catalan Corporation","potentialAction":[{"@type":"SearchAction","target":{"@type":"EntryPoint","urlTemplate":"https:\/\/www.vichycatalan.com\/ca\/?s={search_term_string}"},"query-input":{"@type":"PropertyValueSpecification","valueRequired":true,"valueName":"search_term_string"}}],"inLanguage":"ca"},{"@type":"Person","@id":"https:\/\/www.vichycatalan.com\/ca\/#\/schema\/person\/9e9caa8bfa8dcd27fcfebdfcba33932a","name":"Comunica Web"}]}},"_links":{"self":[{"href":"https:\/\/www.vichycatalan.com\/ca\/wp-json\/wp\/v2\/posts\/3467","targetHints":{"allow":["GET"]}}],"collection":[{"href":"https:\/\/www.vichycatalan.com\/ca\/wp-json\/wp\/v2\/posts"}],"about":[{"href":"https:\/\/www.vichycatalan.com\/ca\/wp-json\/wp\/v2\/types\/post"}],"author":[{"embeddable":true,"href":"https:\/\/www.vichycatalan.com\/ca\/wp-json\/wp\/v2\/users\/1"}],"replies":[{"embeddable":true,"href":"https:\/\/www.vichycatalan.com\/ca\/wp-json\/wp\/v2\/comments?post=3467"}],"version-history":[{"count":0,"href":"https:\/\/www.vichycatalan.com\/ca\/wp-json\/wp\/v2\/posts\/3467\/revisions"}],"wp:featuredmedia":[{"embeddable":true,"href":"https:\/\/www.vichycatalan.com\/ca\/wp-json\/wp\/v2\/media\/3468"}],"wp:attachment":[{"href":"https:\/\/www.vichycatalan.com\/ca\/wp-json\/wp\/v2\/media?parent=3467"}],"wp:term":[{"taxonomy":"category","embeddable":true,"href":"https:\/\/www.vichycatalan.com\/ca\/wp-json\/wp\/v2\/categories?post=3467"},{"taxonomy":"post_tag","embeddable":true,"href":"https:\/\/www.vichycatalan.com\/ca\/wp-json\/wp\/v2\/tags?post=3467"}],"curies":[{"name":"wp","href":"https:\/\/api.w.org\/{rel}","templated":true}]}}