{"id":19076,"date":"2021-05-18T16:34:18","date_gmt":"2021-05-18T14:34:18","guid":{"rendered":"https:\/\/www.vichycatalan.com\/?p=19076"},"modified":"2021-05-20T12:44:49","modified_gmt":"2021-05-20T10:44:49","slug":"vichy-catalan-corporation-galardonada-amb-el-premi-a-les-practiques-sostenibles-i-concienciacio-mediambiental","status":"publish","type":"post","link":"https:\/\/www.vichycatalan.com\/ca\/vichy-catalan-corporation-galardonada-amb-el-premi-a-les-practiques-sostenibles-i-concienciacio-mediambiental\/","title":{"rendered":"Vichy Catalan Corporation galardonada amb el \u201cPremi a les Pr\u00e0ctiques Sostenibles i Concienciaci\u00f3 Mediambiental\u201d"},"content":{"rendered":"<p><span style=\"font-weight: 400;\">El dia 12 de Maig de 2021 va tenir lloc a l\u2019Hotel Meli\u00e1 Avenida de Am\u00e9rica de Madrid, l\u2019entrega dels <\/span><b>\u201cPremis de Sostenibilitat i Medi Ambient\u201d,<\/b><span style=\"font-weight: 400;\"> concedits pel diari <\/span><b>\u201cLa Raz\u00f3n\u201d. El reconeixement, que posa en valor el comprom\u00eds amb el medi ambient i el lideratge en el mercat de les aig\u00fces minerales naturals, va ser recollit per Amador Vallmayor, Director General de la companyia.<\/b><\/p>\n<p><img loading=\"lazy\" decoding=\"async\" class=\"alignnone wp-image-19060 size-full\" src=\"https:\/\/www.vichycatalan.com\/wp-content\/uploads\/2021\/05\/Premios-larazon.jpg\" alt=\"Premios la razon vichy catalan\" width=\"1200\" height=\"771\" srcset=\"https:\/\/www.vichycatalan.com\/wp-content\/uploads\/2021\/05\/Premios-larazon.jpg 1200w, https:\/\/www.vichycatalan.com\/wp-content\/uploads\/2021\/05\/Premios-larazon-980x630.jpg 980w, https:\/\/www.vichycatalan.com\/wp-content\/uploads\/2021\/05\/Premios-larazon-480x308.jpg 480w\" sizes=\"(min-width: 0px) and (max-width: 480px) 480px, (min-width: 481px) and (max-width: 980px) 980px, (min-width: 981px) 1200px, 100vw\" \/><\/p>\n<p><span style=\"font-weight: 400;\">El jurat que concedeix aquests guardons est\u00e0 integrat per experts en el sector mediambiental i col.laboradors habituals del tabloide. En aquesta ocasi\u00f3 han fallat a favor d\u2019empreses com Arkopharma, que va recollir el premi a l\u2019empresa m\u00e9s sostenible i compromesa amb el medi ambient i Mat\u00edas Gom\u00e1 Tom\u00e1s, guardonada com a empresa l\u00edder en paper 100% reciclat, entre d\u2019altres. Mentre que en la categoria de <\/span><b>\u201cMillors Pr\u00e0ctiques Sostenibles i Concienciaci\u00f3 Mediambiental\u201d<\/b><span style=\"font-weight: 400;\"> han acordat donar visibilitat a <\/span><b>Vichy Catalan Corporation,<\/b><span style=\"font-weight: 400;\"> dintre del marc del seu <\/span><b>comprom\u00eds amb el medi ambient i el seu lideratge en el mercat espa\u00f1ol d\u2019aig\u00fces minerals naturals amb una traject\u00f2ria centen\u00e0ria.<\/b><\/p>\n<p style=\"text-align: center;\">\u00a0 <img loading=\"lazy\" decoding=\"async\" class=\"alignnone size-medium wp-image-19067\" src=\"https:\/\/www.vichycatalan.com\/wp-content\/uploads\/2021\/05\/Premios-larazon-3-300x193.jpg\" alt=\"premio la razon vichy catalan 2\" width=\"300\" height=\"193\" \/><img loading=\"lazy\" decoding=\"async\" class=\"alignnone size-medium wp-image-19063\" src=\"https:\/\/www.vichycatalan.com\/wp-content\/uploads\/2021\/05\/Premios-larazon-2-300x193.jpg\" alt=\"premio la razon vichy catalan amador\" width=\"300\" height=\"193\" \/><\/p>\n<p><b>Amador Vallmayor, Director General<\/b> <b>de Vichy Catalan Corporation<\/b><span style=\"font-weight: 400;\"> va recollir el Premi a mans de <\/span><b>Paloma Mart\u00edn, Consellera de Medi Ambient de la Comunitat de Madrid<\/b><span style=\"font-weight: 400;\"> i <\/span><b>Francisco Marhuenda, Director de \u201cLa Raz\u00f3n\u201d.<\/b><span style=\"font-weight: 400;\"> Vallmayor va agrair el reconeixement \u201cen el seu nom i en el de tots els professionals que formen part de la companyia\u201d i va confirmar sentir-se \u201cdoblement satisfet en un momento molt especial en el que estem <\/span><b>celebrant el 140\u00ba Aniversari de la fundaci\u00f3 de Vichy Catalan\u201d.<\/b><\/p>\n<p><span style=\"font-weight: 400;\">La clara aposta per la salut, la qualitat i la innovaci\u00f3 sustentades per una gesti\u00f3 sostenible, han estat factors decisius perqu\u00e8 els experts del jurat hagin atorgat aquest Premi a Vichy Catalan Corporation. De la mateixa manera, la botiga online <\/span><a href=\"http:\/\/www.latiendavichy.com\"><span style=\"font-weight: 400;\">http:\/\/www.latiendavichy.com<\/span><\/a><span style=\"font-weight: 400;\"> tamb\u00e9 ha estat valorada com un canal orientat a impulsar l\u2019\u00fas de l\u2019env\u00e0s retornable i per tant afavorir l\u2019economia circular.<\/span><\/p>\n","protected":false},"excerpt":{"rendered":"<p>El dia 12 de Maig de 2021 va tenir lloc a l\u2019Hotel Meli\u00e1 Avenida de Am\u00e9rica de Madrid, l\u2019entrega dels \u201cPremis de Sostenibilitat i Medi Ambient\u201d, concedits pel diari \u201cLa Raz\u00f3n\u201d. El reconeixement, que posa en valor el comprom\u00eds amb el medi ambient i el lideratge en el mercat de les aig\u00fces minerales naturals, va [&hellip;]<\/p>\n","protected":false},"author":3,"featured_media":19060,"comment_status":"closed","ping_status":"closed","sticky":false,"template":"","format":"standard","meta":{"_acf_changed":false,"_et_pb_use_builder":"","_et_pb_old_content":"","_et_gb_content_width":"","footnotes":""},"categories":[93],"tags":[],"class_list":["post-19076","post","type-post","status-publish","format-standard","has-post-thumbnail","hentry","category-noticies"],"acf":[],"yoast_head":"<!-- This site is optimized with the Yoast SEO plugin v27.5 - https:\/\/yoast.com\/product\/yoast-seo-wordpress\/ -->\n<title>Vichy Catalan Corporation galardonada amb el \u201cPremi a les Pr\u00e0ctiques Sostenibles i Concienciaci\u00f3 Mediambiental\u201d - Vichy Catalan Corporation<\/title>\n<meta name=\"robots\" content=\"index, follow, max-snippet:-1, max-image-preview:large, max-video-preview:-1\" \/>\n<link rel=\"canonical\" href=\"https:\/\/www.vichycatalan.com\/ca\/vichy-catalan-corporation-galardonada-amb-el-premi-a-les-practiques-sostenibles-i-concienciacio-mediambiental\/\" \/>\n<meta property=\"og:locale\" content=\"ca_ES\" \/>\n<meta property=\"og:type\" content=\"article\" \/>\n<meta property=\"og:title\" content=\"Vichy Catalan Corporation galardonada amb el \u201cPremi a les Pr\u00e0ctiques Sostenibles i Concienciaci\u00f3 Mediambiental\u201d - Vichy Catalan Corporation\" \/>\n<meta property=\"og:description\" content=\"El dia 12 de Maig de 2021 va tenir lloc a l\u2019Hotel Meli\u00e1 Avenida de Am\u00e9rica de Madrid, l\u2019entrega dels \u201cPremis de Sostenibilitat i Medi Ambient\u201d, concedits pel diari \u201cLa Raz\u00f3n\u201d. El reconeixement, que posa en valor el comprom\u00eds amb el medi ambient i el lideratge en el mercat de les aig\u00fces minerales naturals, va [&hellip;]\" \/>\n<meta property=\"og:url\" content=\"https:\/\/www.vichycatalan.com\/ca\/vichy-catalan-corporation-galardonada-amb-el-premi-a-les-practiques-sostenibles-i-concienciacio-mediambiental\/\" \/>\n<meta property=\"og:site_name\" content=\"Vichy Catalan Corporation\" \/>\n<meta property=\"article:published_time\" content=\"2021-05-18T14:34:18+00:00\" \/>\n<meta property=\"article:modified_time\" content=\"2021-05-20T10:44:49+00:00\" \/>\n<meta property=\"og:image\" content=\"https:\/\/www.vichycatalan.com\/wp-content\/uploads\/2021\/05\/Premios-larazon.jpg\" \/>\n<meta name=\"author\" content=\"Vichy Catalan\" \/>\n<meta name=\"twitter:card\" content=\"summary_large_image\" \/>\n<meta name=\"twitter:label1\" content=\"Escrit per\" \/>\n\t<meta name=\"twitter:data1\" content=\"Vichy Catalan\" \/>\n\t<meta name=\"twitter:label2\" content=\"Temps estimat de lectura\" \/>\n\t<meta name=\"twitter:data2\" content=\"2 minuts\" \/>\n<script type=\"application\/ld+json\" class=\"yoast-schema-graph\">{\"@context\":\"https:\\\/\\\/schema.org\",\"@graph\":[{\"@type\":\"Article\",\"@id\":\"https:\\\/\\\/www.vichycatalan.com\\\/ca\\\/vichy-catalan-corporation-galardonada-amb-el-premi-a-les-practiques-sostenibles-i-concienciacio-mediambiental\\\/#article\",\"isPartOf\":{\"@id\":\"https:\\\/\\\/www.vichycatalan.com\\\/ca\\\/vichy-catalan-corporation-galardonada-amb-el-premi-a-les-practiques-sostenibles-i-concienciacio-mediambiental\\\/\"},\"author\":{\"name\":\"Vichy Catalan\",\"@id\":\"https:\\\/\\\/www.vichycatalan.com\\\/ca\\\/#\\\/schema\\\/person\\\/2bd90ee6ac4abd6bff77644c639df0f9\"},\"headline\":\"Vichy Catalan Corporation galardonada amb el \u201cPremi a les Pr\u00e0ctiques Sostenibles i Concienciaci\u00f3 Mediambiental\u201d\",\"datePublished\":\"2021-05-18T14:34:18+00:00\",\"dateModified\":\"2021-05-20T10:44:49+00:00\",\"mainEntityOfPage\":{\"@id\":\"https:\\\/\\\/www.vichycatalan.com\\\/ca\\\/vichy-catalan-corporation-galardonada-amb-el-premi-a-les-practiques-sostenibles-i-concienciacio-mediambiental\\\/\"},\"wordCount\":351,\"image\":{\"@id\":\"https:\\\/\\\/www.vichycatalan.com\\\/ca\\\/vichy-catalan-corporation-galardonada-amb-el-premi-a-les-practiques-sostenibles-i-concienciacio-mediambiental\\\/#primaryimage\"},\"thumbnailUrl\":\"https:\\\/\\\/www.vichycatalan.com\\\/wp-content\\\/uploads\\\/2021\\\/05\\\/Premios-larazon.jpg\",\"articleSection\":[\"Noticies\"],\"inLanguage\":\"ca\"},{\"@type\":\"WebPage\",\"@id\":\"https:\\\/\\\/www.vichycatalan.com\\\/ca\\\/vichy-catalan-corporation-galardonada-amb-el-premi-a-les-practiques-sostenibles-i-concienciacio-mediambiental\\\/\",\"url\":\"https:\\\/\\\/www.vichycatalan.com\\\/ca\\\/vichy-catalan-corporation-galardonada-amb-el-premi-a-les-practiques-sostenibles-i-concienciacio-mediambiental\\\/\",\"name\":\"Vichy Catalan Corporation galardonada amb el \u201cPremi a les Pr\u00e0ctiques Sostenibles i Concienciaci\u00f3 Mediambiental\u201d - Vichy Catalan Corporation\",\"isPartOf\":{\"@id\":\"https:\\\/\\\/www.vichycatalan.com\\\/ca\\\/#website\"},\"primaryImageOfPage\":{\"@id\":\"https:\\\/\\\/www.vichycatalan.com\\\/ca\\\/vichy-catalan-corporation-galardonada-amb-el-premi-a-les-practiques-sostenibles-i-concienciacio-mediambiental\\\/#primaryimage\"},\"image\":{\"@id\":\"https:\\\/\\\/www.vichycatalan.com\\\/ca\\\/vichy-catalan-corporation-galardonada-amb-el-premi-a-les-practiques-sostenibles-i-concienciacio-mediambiental\\\/#primaryimage\"},\"thumbnailUrl\":\"https:\\\/\\\/www.vichycatalan.com\\\/wp-content\\\/uploads\\\/2021\\\/05\\\/Premios-larazon.jpg\",\"datePublished\":\"2021-05-18T14:34:18+00:00\",\"dateModified\":\"2021-05-20T10:44:49+00:00\",\"author\":{\"@id\":\"https:\\\/\\\/www.vichycatalan.com\\\/ca\\\/#\\\/schema\\\/person\\\/2bd90ee6ac4abd6bff77644c639df0f9\"},\"breadcrumb\":{\"@id\":\"https:\\\/\\\/www.vichycatalan.com\\\/ca\\\/vichy-catalan-corporation-galardonada-amb-el-premi-a-les-practiques-sostenibles-i-concienciacio-mediambiental\\\/#breadcrumb\"},\"inLanguage\":\"ca\",\"potentialAction\":[{\"@type\":\"ReadAction\",\"target\":[\"https:\\\/\\\/www.vichycatalan.com\\\/ca\\\/vichy-catalan-corporation-galardonada-amb-el-premi-a-les-practiques-sostenibles-i-concienciacio-mediambiental\\\/\"]}]},{\"@type\":\"ImageObject\",\"inLanguage\":\"ca\",\"@id\":\"https:\\\/\\\/www.vichycatalan.com\\\/ca\\\/vichy-catalan-corporation-galardonada-amb-el-premi-a-les-practiques-sostenibles-i-concienciacio-mediambiental\\\/#primaryimage\",\"url\":\"https:\\\/\\\/www.vichycatalan.com\\\/wp-content\\\/uploads\\\/2021\\\/05\\\/Premios-larazon.jpg\",\"contentUrl\":\"https:\\\/\\\/www.vichycatalan.com\\\/wp-content\\\/uploads\\\/2021\\\/05\\\/Premios-larazon.jpg\",\"width\":1200,\"height\":771,\"caption\":\"Premios la razon vichy catalan\"},{\"@type\":\"BreadcrumbList\",\"@id\":\"https:\\\/\\\/www.vichycatalan.com\\\/ca\\\/vichy-catalan-corporation-galardonada-amb-el-premi-a-les-practiques-sostenibles-i-concienciacio-mediambiental\\\/#breadcrumb\",\"itemListElement\":[{\"@type\":\"ListItem\",\"position\":1,\"name\":\"Portada\",\"item\":\"https:\\\/\\\/www.vichycatalan.com\\\/ca\\\/\"},{\"@type\":\"ListItem\",\"position\":2,\"name\":\"Vichy Catalan Corporation galardonada amb el \u201cPremi a les Pr\u00e0ctiques Sostenibles i Concienciaci\u00f3 Mediambiental\u201d\"}]},{\"@type\":\"WebSite\",\"@id\":\"https:\\\/\\\/www.vichycatalan.com\\\/ca\\\/#website\",\"url\":\"https:\\\/\\\/www.vichycatalan.com\\\/ca\\\/\",\"name\":\"Vichy Catalan Corporation\",\"description\":\"Web de Vichy Catalan Corporation\",\"potentialAction\":[{\"@type\":\"SearchAction\",\"target\":{\"@type\":\"EntryPoint\",\"urlTemplate\":\"https:\\\/\\\/www.vichycatalan.com\\\/ca\\\/?s={search_term_string}\"},\"query-input\":{\"@type\":\"PropertyValueSpecification\",\"valueRequired\":true,\"valueName\":\"search_term_string\"}}],\"inLanguage\":\"ca\"},{\"@type\":\"Person\",\"@id\":\"https:\\\/\\\/www.vichycatalan.com\\\/ca\\\/#\\\/schema\\\/person\\\/2bd90ee6ac4abd6bff77644c639df0f9\",\"name\":\"Vichy Catalan\"}]}<\/script>\n<!-- \/ Yoast SEO plugin. -->","yoast_head_json":{"title":"Vichy Catalan Corporation galardonada amb el \u201cPremi a les Pr\u00e0ctiques Sostenibles i Concienciaci\u00f3 Mediambiental\u201d - Vichy Catalan Corporation","robots":{"index":"index","follow":"follow","max-snippet":"max-snippet:-1","max-image-preview":"max-image-preview:large","max-video-preview":"max-video-preview:-1"},"canonical":"https:\/\/www.vichycatalan.com\/ca\/vichy-catalan-corporation-galardonada-amb-el-premi-a-les-practiques-sostenibles-i-concienciacio-mediambiental\/","og_locale":"ca_ES","og_type":"article","og_title":"Vichy Catalan Corporation galardonada amb el \u201cPremi a les Pr\u00e0ctiques Sostenibles i Concienciaci\u00f3 Mediambiental\u201d - Vichy Catalan Corporation","og_description":"El dia 12 de Maig de 2021 va tenir lloc a l\u2019Hotel Meli\u00e1 Avenida de Am\u00e9rica de Madrid, l\u2019entrega dels \u201cPremis de Sostenibilitat i Medi Ambient\u201d, concedits pel diari \u201cLa Raz\u00f3n\u201d. El reconeixement, que posa en valor el comprom\u00eds amb el medi ambient i el lideratge en el mercat de les aig\u00fces minerales naturals, va [&hellip;]","og_url":"https:\/\/www.vichycatalan.com\/ca\/vichy-catalan-corporation-galardonada-amb-el-premi-a-les-practiques-sostenibles-i-concienciacio-mediambiental\/","og_site_name":"Vichy Catalan Corporation","article_published_time":"2021-05-18T14:34:18+00:00","article_modified_time":"2021-05-20T10:44:49+00:00","og_image":[{"url":"https:\/\/www.vichycatalan.com\/wp-content\/uploads\/2021\/05\/Premios-larazon.jpg","type":"","width":"","height":""}],"author":"Vichy Catalan","twitter_card":"summary_large_image","twitter_misc":{"Escrit per":"Vichy Catalan","Temps estimat de lectura":"2 minuts"},"schema":{"@context":"https:\/\/schema.org","@graph":[{"@type":"Article","@id":"https:\/\/www.vichycatalan.com\/ca\/vichy-catalan-corporation-galardonada-amb-el-premi-a-les-practiques-sostenibles-i-concienciacio-mediambiental\/#article","isPartOf":{"@id":"https:\/\/www.vichycatalan.com\/ca\/vichy-catalan-corporation-galardonada-amb-el-premi-a-les-practiques-sostenibles-i-concienciacio-mediambiental\/"},"author":{"name":"Vichy Catalan","@id":"https:\/\/www.vichycatalan.com\/ca\/#\/schema\/person\/2bd90ee6ac4abd6bff77644c639df0f9"},"headline":"Vichy Catalan Corporation galardonada amb el \u201cPremi a les Pr\u00e0ctiques Sostenibles i Concienciaci\u00f3 Mediambiental\u201d","datePublished":"2021-05-18T14:34:18+00:00","dateModified":"2021-05-20T10:44:49+00:00","mainEntityOfPage":{"@id":"https:\/\/www.vichycatalan.com\/ca\/vichy-catalan-corporation-galardonada-amb-el-premi-a-les-practiques-sostenibles-i-concienciacio-mediambiental\/"},"wordCount":351,"image":{"@id":"https:\/\/www.vichycatalan.com\/ca\/vichy-catalan-corporation-galardonada-amb-el-premi-a-les-practiques-sostenibles-i-concienciacio-mediambiental\/#primaryimage"},"thumbnailUrl":"https:\/\/www.vichycatalan.com\/wp-content\/uploads\/2021\/05\/Premios-larazon.jpg","articleSection":["Noticies"],"inLanguage":"ca"},{"@type":"WebPage","@id":"https:\/\/www.vichycatalan.com\/ca\/vichy-catalan-corporation-galardonada-amb-el-premi-a-les-practiques-sostenibles-i-concienciacio-mediambiental\/","url":"https:\/\/www.vichycatalan.com\/ca\/vichy-catalan-corporation-galardonada-amb-el-premi-a-les-practiques-sostenibles-i-concienciacio-mediambiental\/","name":"Vichy Catalan Corporation galardonada amb el \u201cPremi a les Pr\u00e0ctiques Sostenibles i Concienciaci\u00f3 Mediambiental\u201d - Vichy Catalan Corporation","isPartOf":{"@id":"https:\/\/www.vichycatalan.com\/ca\/#website"},"primaryImageOfPage":{"@id":"https:\/\/www.vichycatalan.com\/ca\/vichy-catalan-corporation-galardonada-amb-el-premi-a-les-practiques-sostenibles-i-concienciacio-mediambiental\/#primaryimage"},"image":{"@id":"https:\/\/www.vichycatalan.com\/ca\/vichy-catalan-corporation-galardonada-amb-el-premi-a-les-practiques-sostenibles-i-concienciacio-mediambiental\/#primaryimage"},"thumbnailUrl":"https:\/\/www.vichycatalan.com\/wp-content\/uploads\/2021\/05\/Premios-larazon.jpg","datePublished":"2021-05-18T14:34:18+00:00","dateModified":"2021-05-20T10:44:49+00:00","author":{"@id":"https:\/\/www.vichycatalan.com\/ca\/#\/schema\/person\/2bd90ee6ac4abd6bff77644c639df0f9"},"breadcrumb":{"@id":"https:\/\/www.vichycatalan.com\/ca\/vichy-catalan-corporation-galardonada-amb-el-premi-a-les-practiques-sostenibles-i-concienciacio-mediambiental\/#breadcrumb"},"inLanguage":"ca","potentialAction":[{"@type":"ReadAction","target":["https:\/\/www.vichycatalan.com\/ca\/vichy-catalan-corporation-galardonada-amb-el-premi-a-les-practiques-sostenibles-i-concienciacio-mediambiental\/"]}]},{"@type":"ImageObject","inLanguage":"ca","@id":"https:\/\/www.vichycatalan.com\/ca\/vichy-catalan-corporation-galardonada-amb-el-premi-a-les-practiques-sostenibles-i-concienciacio-mediambiental\/#primaryimage","url":"https:\/\/www.vichycatalan.com\/wp-content\/uploads\/2021\/05\/Premios-larazon.jpg","contentUrl":"https:\/\/www.vichycatalan.com\/wp-content\/uploads\/2021\/05\/Premios-larazon.jpg","width":1200,"height":771,"caption":"Premios la razon vichy catalan"},{"@type":"BreadcrumbList","@id":"https:\/\/www.vichycatalan.com\/ca\/vichy-catalan-corporation-galardonada-amb-el-premi-a-les-practiques-sostenibles-i-concienciacio-mediambiental\/#breadcrumb","itemListElement":[{"@type":"ListItem","position":1,"name":"Portada","item":"https:\/\/www.vichycatalan.com\/ca\/"},{"@type":"ListItem","position":2,"name":"Vichy Catalan Corporation galardonada amb el \u201cPremi a les Pr\u00e0ctiques Sostenibles i Concienciaci\u00f3 Mediambiental\u201d"}]},{"@type":"WebSite","@id":"https:\/\/www.vichycatalan.com\/ca\/#website","url":"https:\/\/www.vichycatalan.com\/ca\/","name":"Vichy Catalan Corporation","description":"Web de Vichy Catalan Corporation","potentialAction":[{"@type":"SearchAction","target":{"@type":"EntryPoint","urlTemplate":"https:\/\/www.vichycatalan.com\/ca\/?s={search_term_string}"},"query-input":{"@type":"PropertyValueSpecification","valueRequired":true,"valueName":"search_term_string"}}],"inLanguage":"ca"},{"@type":"Person","@id":"https:\/\/www.vichycatalan.com\/ca\/#\/schema\/person\/2bd90ee6ac4abd6bff77644c639df0f9","name":"Vichy Catalan"}]}},"_links":{"self":[{"href":"https:\/\/www.vichycatalan.com\/ca\/wp-json\/wp\/v2\/posts\/19076","targetHints":{"allow":["GET"]}}],"collection":[{"href":"https:\/\/www.vichycatalan.com\/ca\/wp-json\/wp\/v2\/posts"}],"about":[{"href":"https:\/\/www.vichycatalan.com\/ca\/wp-json\/wp\/v2\/types\/post"}],"author":[{"embeddable":true,"href":"https:\/\/www.vichycatalan.com\/ca\/wp-json\/wp\/v2\/users\/3"}],"replies":[{"embeddable":true,"href":"https:\/\/www.vichycatalan.com\/ca\/wp-json\/wp\/v2\/comments?post=19076"}],"version-history":[{"count":0,"href":"https:\/\/www.vichycatalan.com\/ca\/wp-json\/wp\/v2\/posts\/19076\/revisions"}],"wp:featuredmedia":[{"embeddable":true,"href":"https:\/\/www.vichycatalan.com\/ca\/wp-json\/wp\/v2\/media\/19060"}],"wp:attachment":[{"href":"https:\/\/www.vichycatalan.com\/ca\/wp-json\/wp\/v2\/media?parent=19076"}],"wp:term":[{"taxonomy":"category","embeddable":true,"href":"https:\/\/www.vichycatalan.com\/ca\/wp-json\/wp\/v2\/categories?post=19076"},{"taxonomy":"post_tag","embeddable":true,"href":"https:\/\/www.vichycatalan.com\/ca\/wp-json\/wp\/v2\/tags?post=19076"}],"curies":[{"name":"wp","href":"https:\/\/api.w.org\/{rel}","templated":true}]}}